{"id":926,"date":"2017-12-14T19:43:59","date_gmt":"2017-12-14T18:43:59","guid":{"rendered":"https:\/\/missbowel.com\/?p=926"},"modified":"2019-06-07T13:44:47","modified_gmt":"2019-06-07T11:44:47","slug":"calendario-solidario-la-cara-b","status":"publish","type":"post","link":"https:\/\/missbowel.com\/en\/calendario-solidario-la-cara-b\/","title":{"rendered":"LA CARA B: Luz a lo que no se ve, voz a lo que no se oye"},"content":{"rendered":"<p style=\"text-align: justify;\"><strong>AGRADECIDA<\/strong>. As\u00ed es como me siento. Y por eso he decidido escribir este post.<\/p>\n<p style=\"text-align: justify;\">Esta ma\u00f1ana os he pedido opini\u00f3n a trav\u00e9s de las redes sociales sobre las fotos del<span style=\"text-decoration: underline;\"><strong><span style=\"color: #e84545;\"> <a style=\"color: #e84545; text-decoration: underline;\" href=\"https:\/\/missbowel.com\/en\/product\/calendario-solidario-crohn-colitis-ulcerosa-2018\/\">Calendario Solidario Crohn Colitis<\/a><\/span><\/strong><\/span> de este a\u00f1o y la respuesta ha sido inmediata y masiva. Solo puedo estar agradecida. Me siento acompa\u00f1ada, respaldada y contenta, pero sobre todo satisfecha y orgullosa del trabajo bien hecho.\u00a0<!--more--><\/p>\n<p style=\"text-align: justify;\">Hablando hoy con el responsable de marketing de una potente farmac\u00e9utica, me comentaba que las im\u00e1genes del calendario solidario no hab\u00edan gustado demasiado en su empresa. Me explicaba que a sus jefes les parec\u00edan demasiado crudas, y que no representaban a las personas que padecen una Enfermedad Inflamatoria Intestinal (EII).<\/p>\n<p style=\"text-align: justify;\">Evidentemente yo no opino lo mismo, pero sus comentarios me han hecho reflexionar sobre el tema.<\/p>\n<p style=\"text-align: justify;\">Este es nuestro tercer calendario solidario. En los dos anteriores Sonia, la fot\u00f3grafa, quiso dar una visi\u00f3n alegre y positiva. Eran un claro mensaje para las personas que conviven con el Crohn y la Colitis Ulcerosa. Las fotograf\u00edas dec\u00edan <strong>SI SE PUEDE<\/strong>\u2026 A pesar de tener una enfermedad cr\u00f3nica, se puede tener una vida normal, se pueden cumplir sue\u00f1os, se puede ser feliz. Y eso es as\u00ed. Pero todos los que padecemos este tipo de enfermedades, sabemos que hay una parte que no se ve a simple vista, sabemos que existe una <strong>CARA B,<\/strong> desconocida a\u00fan por la mayor\u00eda de la sociedad.<\/p>\n<p style=\"text-align: justify;\">Y eso es precisamente lo que Sonia y yo quer\u00edamos cambiar.<\/p>\n<p style=\"text-align: center;\"><span style=\"font-size: 24pt; color: #ff0000;\">Quer\u00edamos dar luz a lo que no se ve y voz a lo que no se oye. <\/span><\/p>\n<p style=\"text-align: center;\"><span style=\"font-size: 24pt; color: #ff0000;\">Quer\u00edamos mostrar La Cara B.<\/span><\/p>\n<p style=\"text-align: justify;\">Ese es el nombre del calendario solidario de este a\u00f1o, La Cara B. Quiz\u00e1s una cara demasiado dura para la sociedad actual donde imperan los estereotipos. Una sociedad que muchas veces nos presiona de manera cruel por crear un mundo perfecto donde no hay espacio para personas con discapacidades, con problemas, con enfermedades y menos con una enfermedad tan escatol\u00f3gica como la nuestra.<\/p>\n<p style=\"text-align: justify;\">Guste o no, es nuestra realidad.<\/p>\n<p style=\"text-align: justify;\">C\u00f3mo saber qui\u00e9n de estas personas padece una EII. Imposible saberlo.<\/p>\n<p><img loading=\"lazy\" decoding=\"async\" class=\"aligncenter wp-image-927\" title=\"No se puede distinguir qui\u00e9n sufre EII y qui\u00e9n no\" src=\"https:\/\/missbowel.com\/wp-content\/uploads\/MES_1-300x212.jpg\" alt=\"No se puede distinguir qui\u00e9n sufre EII y qui\u00e9n no\" width=\"608\" height=\"430\" srcset=\"https:\/\/missbowel.com\/wp-content\/uploads\/MES_1-300x212.jpg 300w, https:\/\/missbowel.com\/wp-content\/uploads\/MES_1-768x543.jpg 768w, https:\/\/missbowel.com\/wp-content\/uploads\/MES_1-1024x724.jpg 1024w\" sizes=\"auto, (max-width: 608px) 100vw, 608px\" \/><\/p>\n<p>Nuestro calendario quiz\u00e1s es duro pero es real. Amara, Maru, Laia, Vicente, Esther, Sandra, Dani, In\u00e9s, Sonia y yo hemos querido representar momentos vividos por cada uno de nosotros.<\/p>\n<p><img loading=\"lazy\" decoding=\"async\" class=\"aligncenter wp-image-928\" title=\"Imagen calendario solidario para distinguir a los pacientes con enfermedad inflamatoria intestinal\" src=\"https:\/\/missbowel.com\/wp-content\/uploads\/MES_2-300x212.jpg\" alt=\"Distinguir a los pacientes con enfermedad inflamatoria intestinal\" width=\"581\" height=\"410\" srcset=\"https:\/\/missbowel.com\/wp-content\/uploads\/MES_2-300x212.jpg 300w, https:\/\/missbowel.com\/wp-content\/uploads\/MES_2-768x543.jpg 768w, https:\/\/missbowel.com\/wp-content\/uploads\/MES_2-1024x724.jpg 1024w\" sizes=\"auto, (max-width: 581px) 100vw, 581px\" \/><\/p>\n<p>Horas interminables en el ba\u00f1o, el dolor de barriga, el cansancio, sue\u00f1os rotos, tratamientos, cicatrices, la flora marchita\u2026\u00a0\u00a0 \u00a0 \u00a0 \u00a0 \u00a0 \u00a0 \u00a0 \u00a0\u00a0 \u00a0 \u00a0 \u00a0 \u00a0 \u00a0 \u00a0 \u00a0<\/p>\n<p>&nbsp;<\/p>\n<p><img loading=\"lazy\" decoding=\"async\" class=\"aligncenter wp-image-943\" title=\"Im\u00e1genes calendario solidario\" src=\"https:\/\/missbowel.com\/wp-content\/uploads\/unnamed-300x300.jpg\" alt=\"Fotograf\u00edas calendario solidario\" width=\"571\" height=\"571\" srcset=\"https:\/\/missbowel.com\/wp-content\/uploads\/unnamed-300x300.jpg 300w, https:\/\/missbowel.com\/wp-content\/uploads\/unnamed-150x150.jpg 150w, https:\/\/missbowel.com\/wp-content\/uploads\/unnamed-180x180.jpg 180w, https:\/\/missbowel.com\/wp-content\/uploads\/unnamed-600x600.jpg 600w, https:\/\/missbowel.com\/wp-content\/uploads\/unnamed.jpg 671w\" sizes=\"auto, (max-width: 571px) 100vw, 571px\" \/><img loading=\"lazy\" decoding=\"async\" class=\"wp-image-944 aligncenter\" src=\"https:\/\/missbowel.com\/wp-content\/uploads\/unnamed-1-300x300.jpg\" alt=\"\" width=\"568\" height=\"568\" srcset=\"https:\/\/missbowel.com\/wp-content\/uploads\/unnamed-1-300x300.jpg 300w, https:\/\/missbowel.com\/wp-content\/uploads\/unnamed-1-150x150.jpg 150w, https:\/\/missbowel.com\/wp-content\/uploads\/unnamed-1-180x180.jpg 180w, https:\/\/missbowel.com\/wp-content\/uploads\/unnamed-1-600x600.jpg 600w, https:\/\/missbowel.com\/wp-content\/uploads\/unnamed-1.jpg 671w\" sizes=\"auto, (max-width: 568px) 100vw, 568px\" \/><\/p>\n<p style=\"text-align: justify;\">Necesitamos visibilidad. Para ser comprendidos deben entendernos y para entendernos deben conocer nuestra realidad. Cada a\u00f1o aumenta el n\u00famero de personas que padecen Crohn y Colitis, uno de cada 10 diagnosticados es un ni\u00f1o menor de 15 a\u00f1os. A pesar de ello no se invierte demasiado en buscar soluciones para nosotros. No existe ninguna cara conocida en nuestro pa\u00eds que sea lo suficientemente valiente como para alzar la mano y decir<strong> TENGO CROHN, TENGO COLITIS<\/strong> y os aseguro que hay muchos famosos, artistas, pol\u00edticos, periodistas\u2026.<\/p>\n<p style=\"text-align: justify;\">Yo no quiero rendirme, y todos los que hemos hecho este calendario no queremos rendirnos. Nada me har\u00eda m\u00e1s feliz que llegara el d\u00eda que pudiera hacer un post titulado LAS EII TIENEN CURA. Mientras tanto seguir\u00e9 dando visibilidad a estas enfermedades y aportando mi peque\u00f1o granito de arena a la investigaci\u00f3n.<\/p>\n<p style=\"text-align: center;\"><strong><span style=\"font-size: 18pt;\">Y a pesar de tener un CROHN desde el a\u00f1o 2000, soy feliz, he cumplido muchos de mis sue\u00f1os, amo a mi familia y a mi trabajo, y hoy adem\u00e1s estoy orgullosa de poder ense\u00f1ar al mundo la CARA B. Doce incre\u00edbles y bellas fotos hechas con toda la ilusi\u00f3n del mundo. <\/span><\/strong><\/p>\n<p style=\"text-align: center;\"><strong><span style=\"font-size: 18pt;\">Espero que el Calendario Solidario os guste tanto como a m\u00ed.<\/span><\/strong><\/p>\n<p>&nbsp;<\/p>","protected":false},"excerpt":{"rendered":"<p>AGRADECIDA. As\u00ed es como me siento. Y por eso he&#8230;<\/p>","protected":false},"author":6,"featured_media":928,"comment_status":"open","ping_status":"closed","sticky":false,"template":"","format":"standard","meta":{"footnotes":""},"categories":[46],"tags":[49,48,47],"class_list":["post-926","post","type-post","status-publish","format-standard","has-post-thumbnail","hentry","category-rincon-solidario","tag-colitis","tag-crohn","tag-rincon-solidario"],"yoast_head":"<!-- This site is optimized with the Yoast SEO plugin v26.5 - https:\/\/yoast.com\/wordpress\/plugins\/seo\/ -->\n<title>Calendario solidario &quot;La Cara B&quot; para la investigaci\u00f3n de EII - Miss Bowel<\/title>\n<meta name=\"description\" content=\"El calendario solidario ha despertado opiniones muy diversas. Yo me siento agradecida por todo el apoyo recibido por parte de la comunidad Miss Bowel.\" \/>\n<meta name=\"robots\" content=\"index, follow, max-snippet:-1, max-image-preview:large, max-video-preview:-1\" \/>\n<link rel=\"canonical\" href=\"https:\/\/missbowel.com\/en\/calendario-solidario-la-cara-b\/\" \/>\n<meta property=\"og:locale\" content=\"en_GB\" \/>\n<meta property=\"og:type\" content=\"article\" \/>\n<meta property=\"og:title\" content=\"Calendario solidario &quot;La Cara B&quot; para la investigaci\u00f3n de EII - Miss Bowel\" \/>\n<meta property=\"og:description\" content=\"El calendario solidario ha despertado opiniones muy diversas. Yo me siento agradecida por todo el apoyo recibido por parte de la comunidad Miss Bowel.\" \/>\n<meta property=\"og:url\" content=\"https:\/\/missbowel.com\/en\/calendario-solidario-la-cara-b\/\" \/>\n<meta property=\"og:site_name\" content=\"Miss Bowel\" \/>\n<meta property=\"article:published_time\" content=\"2017-12-14T18:43:59+00:00\" \/>\n<meta property=\"article:modified_time\" content=\"2019-06-07T11:44:47+00:00\" \/>\n<meta property=\"og:image\" content=\"https:\/\/missbowel.com\/wp-content\/uploads\/MES_2.jpg\" \/>\n\t<meta property=\"og:image:width\" content=\"3508\" \/>\n\t<meta property=\"og:image:height\" content=\"2480\" \/>\n\t<meta property=\"og:image:type\" content=\"image\/jpeg\" \/>\n<meta name=\"author\" content=\"laura\" \/>\n<meta name=\"twitter:card\" content=\"summary_large_image\" \/>\n<meta name=\"twitter:label1\" content=\"Written by\" \/>\n\t<meta name=\"twitter:data1\" content=\"laura\" \/>\n\t<meta name=\"twitter:label2\" content=\"Estimated reading time\" \/>\n\t<meta name=\"twitter:data2\" content=\"3 minutes\" \/>\n<script type=\"application\/ld+json\" class=\"yoast-schema-graph\">{\"@context\":\"https:\/\/schema.org\",\"@graph\":[{\"@type\":\"WebPage\",\"@id\":\"https:\/\/missbowel.com\/calendario-solidario-la-cara-b\/\",\"url\":\"https:\/\/missbowel.com\/calendario-solidario-la-cara-b\/\",\"name\":\"Calendario solidario \\\"La Cara B\\\" para la investigaci\u00f3n de EII - Miss Bowel\",\"isPartOf\":{\"@id\":\"https:\/\/missbowel.com\/#website\"},\"primaryImageOfPage\":{\"@id\":\"https:\/\/missbowel.com\/calendario-solidario-la-cara-b\/#primaryimage\"},\"image\":{\"@id\":\"https:\/\/missbowel.com\/calendario-solidario-la-cara-b\/#primaryimage\"},\"thumbnailUrl\":\"https:\/\/missbowel.com\/wp-content\/uploads\/MES_2.jpg\",\"datePublished\":\"2017-12-14T18:43:59+00:00\",\"dateModified\":\"2019-06-07T11:44:47+00:00\",\"author\":{\"@id\":\"https:\/\/missbowel.com\/#\/schema\/person\/bd1fdb8433cd76fedab1f05dc7a977f1\"},\"description\":\"El calendario solidario ha despertado opiniones muy diversas. Yo me siento agradecida por todo el apoyo recibido por parte de la comunidad Miss Bowel.\",\"breadcrumb\":{\"@id\":\"https:\/\/missbowel.com\/calendario-solidario-la-cara-b\/#breadcrumb\"},\"inLanguage\":\"en-GB\",\"potentialAction\":[{\"@type\":\"ReadAction\",\"target\":[\"https:\/\/missbowel.com\/calendario-solidario-la-cara-b\/\"]}]},{\"@type\":\"ImageObject\",\"inLanguage\":\"en-GB\",\"@id\":\"https:\/\/missbowel.com\/calendario-solidario-la-cara-b\/#primaryimage\",\"url\":\"https:\/\/missbowel.com\/wp-content\/uploads\/MES_2.jpg\",\"contentUrl\":\"https:\/\/missbowel.com\/wp-content\/uploads\/MES_2.jpg\",\"width\":3508,\"height\":2480},{\"@type\":\"BreadcrumbList\",\"@id\":\"https:\/\/missbowel.com\/calendario-solidario-la-cara-b\/#breadcrumb\",\"itemListElement\":[{\"@type\":\"ListItem\",\"position\":1,\"name\":\"Portada\",\"item\":\"https:\/\/missbowel.com\/\"},{\"@type\":\"ListItem\",\"position\":2,\"name\":\"LA CARA B: Luz a lo que no se ve, voz a lo que no se oye\"}]},{\"@type\":\"WebSite\",\"@id\":\"https:\/\/missbowel.com\/#website\",\"url\":\"https:\/\/missbowel.com\/\",\"name\":\"Miss Bowel\",\"description\":\"Productos para ostomias\",\"potentialAction\":[{\"@type\":\"SearchAction\",\"target\":{\"@type\":\"EntryPoint\",\"urlTemplate\":\"https:\/\/missbowel.com\/?s={search_term_string}\"},\"query-input\":{\"@type\":\"PropertyValueSpecification\",\"valueRequired\":true,\"valueName\":\"search_term_string\"}}],\"inLanguage\":\"en-GB\"},{\"@type\":\"Person\",\"@id\":\"https:\/\/missbowel.com\/#\/schema\/person\/bd1fdb8433cd76fedab1f05dc7a977f1\",\"name\":\"laura\",\"image\":{\"@type\":\"ImageObject\",\"inLanguage\":\"en-GB\",\"@id\":\"https:\/\/missbowel.com\/#\/schema\/person\/image\/\",\"url\":\"https:\/\/secure.gravatar.com\/avatar\/f61bccbd5d7c01fd8f5a82e61a332555590865a3d83ee839f6126e8ae140a8fb?s=96&d=mm&r=g\",\"contentUrl\":\"https:\/\/secure.gravatar.com\/avatar\/f61bccbd5d7c01fd8f5a82e61a332555590865a3d83ee839f6126e8ae140a8fb?s=96&d=mm&r=g\",\"caption\":\"laura\"},\"url\":\"https:\/\/missbowel.com\/en\/author\/laura\/\"}]}<\/script>\n<!-- \/ Yoast SEO plugin. -->","yoast_head_json":{"title":"Calendario solidario \"La Cara B\" para la investigaci\u00f3n de EII - Miss Bowel","description":"El calendario solidario ha despertado opiniones muy diversas. Yo me siento agradecida por todo el apoyo recibido por parte de la comunidad Miss Bowel.","robots":{"index":"index","follow":"follow","max-snippet":"max-snippet:-1","max-image-preview":"max-image-preview:large","max-video-preview":"max-video-preview:-1"},"canonical":"https:\/\/missbowel.com\/en\/calendario-solidario-la-cara-b\/","og_locale":"en_GB","og_type":"article","og_title":"Calendario solidario \"La Cara B\" para la investigaci\u00f3n de EII - Miss Bowel","og_description":"El calendario solidario ha despertado opiniones muy diversas. Yo me siento agradecida por todo el apoyo recibido por parte de la comunidad Miss Bowel.","og_url":"https:\/\/missbowel.com\/en\/calendario-solidario-la-cara-b\/","og_site_name":"Miss Bowel","article_published_time":"2017-12-14T18:43:59+00:00","article_modified_time":"2019-06-07T11:44:47+00:00","og_image":[{"width":3508,"height":2480,"url":"https:\/\/missbowel.com\/wp-content\/uploads\/MES_2.jpg","type":"image\/jpeg"}],"author":"laura","twitter_card":"summary_large_image","twitter_misc":{"Written by":"laura","Estimated reading time":"3 minutes"},"schema":{"@context":"https:\/\/schema.org","@graph":[{"@type":"WebPage","@id":"https:\/\/missbowel.com\/calendario-solidario-la-cara-b\/","url":"https:\/\/missbowel.com\/calendario-solidario-la-cara-b\/","name":"Calendario solidario \"La Cara B\" para la investigaci\u00f3n de EII - Miss Bowel","isPartOf":{"@id":"https:\/\/missbowel.com\/#website"},"primaryImageOfPage":{"@id":"https:\/\/missbowel.com\/calendario-solidario-la-cara-b\/#primaryimage"},"image":{"@id":"https:\/\/missbowel.com\/calendario-solidario-la-cara-b\/#primaryimage"},"thumbnailUrl":"https:\/\/missbowel.com\/wp-content\/uploads\/MES_2.jpg","datePublished":"2017-12-14T18:43:59+00:00","dateModified":"2019-06-07T11:44:47+00:00","author":{"@id":"https:\/\/missbowel.com\/#\/schema\/person\/bd1fdb8433cd76fedab1f05dc7a977f1"},"description":"El calendario solidario ha despertado opiniones muy diversas. Yo me siento agradecida por todo el apoyo recibido por parte de la comunidad Miss Bowel.","breadcrumb":{"@id":"https:\/\/missbowel.com\/calendario-solidario-la-cara-b\/#breadcrumb"},"inLanguage":"en-GB","potentialAction":[{"@type":"ReadAction","target":["https:\/\/missbowel.com\/calendario-solidario-la-cara-b\/"]}]},{"@type":"ImageObject","inLanguage":"en-GB","@id":"https:\/\/missbowel.com\/calendario-solidario-la-cara-b\/#primaryimage","url":"https:\/\/missbowel.com\/wp-content\/uploads\/MES_2.jpg","contentUrl":"https:\/\/missbowel.com\/wp-content\/uploads\/MES_2.jpg","width":3508,"height":2480},{"@type":"BreadcrumbList","@id":"https:\/\/missbowel.com\/calendario-solidario-la-cara-b\/#breadcrumb","itemListElement":[{"@type":"ListItem","position":1,"name":"Portada","item":"https:\/\/missbowel.com\/"},{"@type":"ListItem","position":2,"name":"LA CARA B: Luz a lo que no se ve, voz a lo que no se oye"}]},{"@type":"WebSite","@id":"https:\/\/missbowel.com\/#website","url":"https:\/\/missbowel.com\/","name":"Miss Bowel","description":"Productos para ostomias","potentialAction":[{"@type":"SearchAction","target":{"@type":"EntryPoint","urlTemplate":"https:\/\/missbowel.com\/?s={search_term_string}"},"query-input":{"@type":"PropertyValueSpecification","valueRequired":true,"valueName":"search_term_string"}}],"inLanguage":"en-GB"},{"@type":"Person","@id":"https:\/\/missbowel.com\/#\/schema\/person\/bd1fdb8433cd76fedab1f05dc7a977f1","name":"laura","image":{"@type":"ImageObject","inLanguage":"en-GB","@id":"https:\/\/missbowel.com\/#\/schema\/person\/image\/","url":"https:\/\/secure.gravatar.com\/avatar\/f61bccbd5d7c01fd8f5a82e61a332555590865a3d83ee839f6126e8ae140a8fb?s=96&d=mm&r=g","contentUrl":"https:\/\/secure.gravatar.com\/avatar\/f61bccbd5d7c01fd8f5a82e61a332555590865a3d83ee839f6126e8ae140a8fb?s=96&d=mm&r=g","caption":"laura"},"url":"https:\/\/missbowel.com\/en\/author\/laura\/"}]}},"_links":{"self":[{"href":"https:\/\/missbowel.com\/en\/wp-json\/wp\/v2\/posts\/926","targetHints":{"allow":["GET"]}}],"collection":[{"href":"https:\/\/missbowel.com\/en\/wp-json\/wp\/v2\/posts"}],"about":[{"href":"https:\/\/missbowel.com\/en\/wp-json\/wp\/v2\/types\/post"}],"author":[{"embeddable":true,"href":"https:\/\/missbowel.com\/en\/wp-json\/wp\/v2\/users\/6"}],"replies":[{"embeddable":true,"href":"https:\/\/missbowel.com\/en\/wp-json\/wp\/v2\/comments?post=926"}],"version-history":[{"count":14,"href":"https:\/\/missbowel.com\/en\/wp-json\/wp\/v2\/posts\/926\/revisions"}],"predecessor-version":[{"id":978,"href":"https:\/\/missbowel.com\/en\/wp-json\/wp\/v2\/posts\/926\/revisions\/978"}],"wp:featuredmedia":[{"embeddable":true,"href":"https:\/\/missbowel.com\/en\/wp-json\/wp\/v2\/media\/928"}],"wp:attachment":[{"href":"https:\/\/missbowel.com\/en\/wp-json\/wp\/v2\/media?parent=926"}],"wp:term":[{"taxonomy":"category","embeddable":true,"href":"https:\/\/missbowel.com\/en\/wp-json\/wp\/v2\/categories?post=926"},{"taxonomy":"post_tag","embeddable":true,"href":"https:\/\/missbowel.com\/en\/wp-json\/wp\/v2\/tags?post=926"}],"curies":[{"name":"wp","href":"https:\/\/api.w.org\/{rel}","templated":true}]}}