{"id":984,"date":"2017-12-19T14:31:23","date_gmt":"2017-12-19T13:31:23","guid":{"rendered":"https:\/\/missbowel.com\/?p=984"},"modified":"2017-12-19T15:22:53","modified_gmt":"2017-12-19T14:22:53","slug":"cura-crohn-colitis-ulcerosa","status":"publish","type":"post","link":"https:\/\/missbowel.com\/en\/cura-crohn-colitis-ulcerosa\/","title":{"rendered":"La Enfermedad de Crohn y la Colitis Ulcerosa \u00a1ya tienen cura!"},"content":{"rendered":"<h2>Mirando al futuro de la Enfermedad Inflamatoria Intestinal<\/h2>\n<p>Espero que alg\u00fan d\u00eda pueda escribir que la cura de la enfermedad de Crohn y Colitis Ulcerosa es ya una realidad y no solo un deseo. \u00a1Ser\u00e1 incre\u00edble! Pero de momento, la escasez de fondos nos impide alcanzar nuestra meta.<\/p>\n<p><img loading=\"lazy\" decoding=\"async\" class=\"aligncenter wp-image-994\" src=\"https:\/\/missbowel.com\/wp-content\/uploads\/Meta-enfermedad-inflamatoria-intestinal-1024x575.jpeg\" alt=\"Alg\u00fan d\u00eda llegaremos a la meta en la investigaci\u00f3n de enfermedad inflamatoria intestinal\" width=\"809\" height=\"455\" srcset=\"https:\/\/missbowel.com\/wp-content\/uploads\/Meta-enfermedad-inflamatoria-intestinal-1024x575.jpeg 1024w, https:\/\/missbowel.com\/wp-content\/uploads\/Meta-enfermedad-inflamatoria-intestinal-300x169.jpeg 300w, https:\/\/missbowel.com\/wp-content\/uploads\/Meta-enfermedad-inflamatoria-intestinal-768x432.jpeg 768w, https:\/\/missbowel.com\/wp-content\/uploads\/Meta-enfermedad-inflamatoria-intestinal.jpeg 1920w\" sizes=\"auto, (max-width: 809px) 100vw, 809px\" \/><\/p>\n<p>Muchos pacientes y amigos me dicen: \u201cLaura no paras, siempre est\u00e1s liada\u2026 que si el cuento, el calendario, las camisetas\u2026\u201d \u00a1Lo s\u00e9! Soy muy pesada. Pero ver cada d\u00eda que se puede avanzar y no se consigue por la falta de recursos, me angustia y necesito ayudar a cambiar esta injusticia. Ese es el objetivo del <a href=\"https:\/\/missbowel.com\/en\/product-category\/producto-solidario\/\"><span style=\"text-decoration: underline;\"><strong><span style=\"color: #e84545; text-decoration: underline;\">Rinc\u00f3n solidario de Miss Bowel<\/span><\/strong><\/span><\/a>. Por eso siempre pido vuestra ayuda y colaboraci\u00f3n.\u00a0<!--more--><\/p>\n<p>Las Enfermedades Inflamatorias Intestinales son patolog\u00edas incurables, cr\u00f3nicas y muy complicadas. Es cierto que no te mueres por tener un Crohn, pero se te puede complicar mucho la vida.<\/p>\n<p>Trabajar cada d\u00eda en un lugar tan puntero en este tipo de enfermedades como es Can Ruti (el hospital donde trabajo) es una ca\u00f1a. As\u00ed lo digo, como si tuviera 15 a\u00f1os. Pero a la vez, me genera mucha impotencia.<\/p>\n<p>Estamos al d\u00eda de todos los avances, los \u00faltimos tratamientos, el equipo m\u00e9dico es humano, cercano y se implican much\u00edsimo. Invierten muchas horas de su vida en estudiar y avanzar, aunque sea un poquito, en el manejo de estas enfermedades. Contamos con un equipo de bi\u00f3logos brutales. Todos juntos, me incluyo yo tambi\u00e9n, intentamos sacar adelante varias l\u00edneas de investigaci\u00f3n que si se terminan seguro que facilitar\u00e1n facilitar\u00edan mucho el tratamiento tanto del Crohn como de la Colitis Ulcerosa.<\/p>\n<p>Tenemos el equipo, las ganas, la vocaci\u00f3n, en mi caso el anhelo personal, pero no hay recursos. Se necesita tanto dinero y el estado da tan poco que cuesta mucho avanzar\u2026 Y despu\u00e9s de llevar varios a\u00f1os como enfermera en esta unidad pens\u00e9 que ten\u00eda que hacer algo para ayudar.<\/p>\n<p><img loading=\"lazy\" decoding=\"async\" class=\"aligncenter wp-image-985\" src=\"https:\/\/missbowel.com\/wp-content\/uploads\/Todos-unidos-contra-EII.png\" alt=\"Pacientes unidos en la lucha contra la enfermedad inflamatoria intestinal\" width=\"688\" height=\"463\" \/><\/p>\n<p>&nbsp;<\/p>\n<p>S\u00e9 que son fechas complicadas, muchos gastos, cenas, comidas, todo el mundo aprovecha para pedir colaboraci\u00f3n, para apelar a la solidaridad, pero realmente sin investigaci\u00f3n no se avanza, y para investigar se necesita dinero.<\/p>\n<p>Hay muchas personas que colaboran con aportaciones directamente como ha sido el caso de Chelo y sus compa\u00f1eros Rafa y M\u00aa Angeles. Decidieron donar una cantidad reunida por todo un grupo de amigos unidos desde la juventud. Quer\u00edan colaborar con la investigaci\u00f3n de la Colitis Ulcerosa e intentar ayudar a Chelo a mejorar su vida. Nos visitaron hace unos d\u00edas y vieron en directo c\u00f3mo trabajamos, en qu\u00e9 se invierte el dinero y la falta de recursos que tenemos.<\/p>\n<p style=\"text-align: center;\"><img loading=\"lazy\" decoding=\"async\" class=\"aligncenter wp-image-988 size-full\" src=\"https:\/\/missbowel.com\/wp-content\/uploads\/Fondos-para-investigacion-can-ruti.png\" alt=\"\" width=\"589\" height=\"442\" srcset=\"https:\/\/missbowel.com\/wp-content\/uploads\/Fondos-para-investigacion-can-ruti.png 589w, https:\/\/missbowel.com\/wp-content\/uploads\/Fondos-para-investigacion-can-ruti-300x225.png 300w\" sizes=\"auto, (max-width: 589px) 100vw, 589px\" \/><\/p>\n<p style=\"text-align: center;\"><em>Chelo, Rafa y Maria Angeles en Can Ruti con el equipo de investigaci\u00f3n de EII.<\/em><\/p>\n<p><img loading=\"lazy\" decoding=\"async\" class=\"aligncenter wp-image-989 size-full\" src=\"https:\/\/missbowel.com\/wp-content\/uploads\/Fondos-para-investigacion.png\" alt=\"Donativo para investigaci\u00f3n de Crohn y colitis ulcerosa\" width=\"587\" height=\"440\" srcset=\"https:\/\/missbowel.com\/wp-content\/uploads\/Fondos-para-investigacion.png 587w, https:\/\/missbowel.com\/wp-content\/uploads\/Fondos-para-investigacion-300x225.png 300w\" sizes=\"auto, (max-width: 587px) 100vw, 587px\" \/><\/p>\n<p style=\"text-align: center;\"><em>Chelo en primer plano acompa\u00f1ada por sus amigos tras su generosa donaci\u00f3n.<\/em><\/p>\n<p>&nbsp;<\/p>\n<p>Entiendo que invertir dinero sin saber muy bien a d\u00f3nde va es complicado, a nadie le sobra. Por eso creo que es importante que se conozca en qu\u00e9 trabajamos y porque es tan necesario conseguir fondos. El jefe de Investigadores de nuestra Unidad, el Dr. Josep Many\u00e8, lo explica muy bien en este video.<\/p>\n<p>\u00a0\u00a0\u00a0\u00a0\u00a0\u00a0\u00a0\u00a0\u00a0\u00a0\u00a0\u00a0\u00a0\u00a0\u00a0\u00a0\u00a0 <iframe loading=\"lazy\" src=\"\/\/www.youtube.com\/embed\/Qlhmc_DXfxo\" width=\"1000\" height=\"561\" allowfullscreen=\"allowfullscreen\"><\/iframe><\/p>\n<p>Espero haber podido transmitir un poco de lo que yo vivo a diario y lo importante que es avanzar en la investigaci\u00f3n de la Enfermedad Inflamatoria Intestinal. Lo necesaria que es vuestra ayuda. As\u00ed que si no os he dormido por el camino con este rollo y os apetece colaborar, pod\u00e9is aprovechar que toca hacer tantos regalos y<span style=\"text-decoration: underline; color: #e84545;\"> <a style=\"color: #e84545;\" href=\"https:\/\/missbowel.com\/en\/product\/calendario-solidario-crohn-colitis-ulcerosa-2018\/\"><strong>regalar la\u00a0solidaridad Miss Bowel.<\/strong><\/a><\/span><\/p>\n<p style=\"text-align: center;\"><span style=\"font-size: 24pt; color: #000000;\">\u00a1Gracias, gracias y m\u00e1s gracias por adelantado!<\/span><\/p>","protected":false},"excerpt":{"rendered":"<p>Mirando al futuro de la Enfermedad Inflamatoria Intestinal Espero que&#8230;<\/p>","protected":false},"author":2,"featured_media":986,"comment_status":"open","ping_status":"closed","sticky":false,"template":"","format":"standard","meta":{"footnotes":""},"categories":[37,46],"tags":[],"class_list":["post-984","post","type-post","status-publish","format-standard","has-post-thumbnail","hentry","category-miss-bowel","category-rincon-solidario"],"yoast_head":"<!-- This site is optimized with the Yoast SEO plugin v26.5 - https:\/\/yoast.com\/wordpress\/plugins\/seo\/ -->\n<title>La enfermedad de Crohn y colitis ulcerosa ya tiene cura | Miss Bowel<\/title>\n<meta name=\"description\" content=\"Espero alg\u00fan d\u00eda poder escribir este titular y poder eliminar la secci\u00f3n solidaria porque ya no se necesitan recaudar fondos para la investigaci\u00f3n de EII.\" \/>\n<meta name=\"robots\" content=\"index, follow, max-snippet:-1, max-image-preview:large, max-video-preview:-1\" \/>\n<link rel=\"canonical\" href=\"https:\/\/missbowel.com\/en\/cura-crohn-colitis-ulcerosa\/\" \/>\n<meta property=\"og:locale\" content=\"en_GB\" \/>\n<meta property=\"og:type\" content=\"article\" \/>\n<meta property=\"og:title\" content=\"La enfermedad de Crohn y colitis ulcerosa ya tiene cura | Miss Bowel\" \/>\n<meta property=\"og:description\" content=\"Espero alg\u00fan d\u00eda poder escribir este titular y poder eliminar la secci\u00f3n solidaria porque ya no se necesitan recaudar fondos para la investigaci\u00f3n de EII.\" \/>\n<meta property=\"og:url\" content=\"https:\/\/missbowel.com\/en\/cura-crohn-colitis-ulcerosa\/\" \/>\n<meta property=\"og:site_name\" content=\"Miss Bowel\" \/>\n<meta property=\"article:published_time\" content=\"2017-12-19T13:31:23+00:00\" \/>\n<meta property=\"article:modified_time\" content=\"2017-12-19T14:22:53+00:00\" \/>\n<meta property=\"og:image\" content=\"https:\/\/missbowel.com\/wp-content\/uploads\/DSC_1110pijama.jpg\" \/>\n\t<meta property=\"og:image:width\" content=\"3872\" \/>\n\t<meta property=\"og:image:height\" content=\"2592\" \/>\n\t<meta property=\"og:image:type\" content=\"image\/jpeg\" \/>\n<meta name=\"author\" content=\"Yvonne\" \/>\n<meta name=\"twitter:card\" content=\"summary_large_image\" \/>\n<meta name=\"twitter:label1\" content=\"Written by\" \/>\n\t<meta name=\"twitter:data1\" content=\"Yvonne\" \/>\n\t<meta name=\"twitter:label2\" content=\"Estimated reading time\" \/>\n\t<meta name=\"twitter:data2\" content=\"3 minutes\" \/>\n<script type=\"application\/ld+json\" class=\"yoast-schema-graph\">{\"@context\":\"https:\/\/schema.org\",\"@graph\":[{\"@type\":\"WebPage\",\"@id\":\"https:\/\/missbowel.com\/cura-crohn-colitis-ulcerosa\/\",\"url\":\"https:\/\/missbowel.com\/cura-crohn-colitis-ulcerosa\/\",\"name\":\"La enfermedad de Crohn y colitis ulcerosa ya tiene cura | Miss Bowel\",\"isPartOf\":{\"@id\":\"https:\/\/missbowel.com\/#website\"},\"primaryImageOfPage\":{\"@id\":\"https:\/\/missbowel.com\/cura-crohn-colitis-ulcerosa\/#primaryimage\"},\"image\":{\"@id\":\"https:\/\/missbowel.com\/cura-crohn-colitis-ulcerosa\/#primaryimage\"},\"thumbnailUrl\":\"https:\/\/missbowel.com\/wp-content\/uploads\/DSC_1110pijama.jpg\",\"datePublished\":\"2017-12-19T13:31:23+00:00\",\"dateModified\":\"2017-12-19T14:22:53+00:00\",\"author\":{\"@id\":\"https:\/\/missbowel.com\/#\/schema\/person\/617188829cd3d3f8fed518823fbc10fb\"},\"description\":\"Espero alg\u00fan d\u00eda poder escribir este titular y poder eliminar la secci\u00f3n solidaria porque ya no se necesitan recaudar fondos para la investigaci\u00f3n de EII.\",\"breadcrumb\":{\"@id\":\"https:\/\/missbowel.com\/cura-crohn-colitis-ulcerosa\/#breadcrumb\"},\"inLanguage\":\"en-GB\",\"potentialAction\":[{\"@type\":\"ReadAction\",\"target\":[\"https:\/\/missbowel.com\/cura-crohn-colitis-ulcerosa\/\"]}]},{\"@type\":\"ImageObject\",\"inLanguage\":\"en-GB\",\"@id\":\"https:\/\/missbowel.com\/cura-crohn-colitis-ulcerosa\/#primaryimage\",\"url\":\"https:\/\/missbowel.com\/wp-content\/uploads\/DSC_1110pijama.jpg\",\"contentUrl\":\"https:\/\/missbowel.com\/wp-content\/uploads\/DSC_1110pijama.jpg\",\"width\":3872,\"height\":2592},{\"@type\":\"BreadcrumbList\",\"@id\":\"https:\/\/missbowel.com\/cura-crohn-colitis-ulcerosa\/#breadcrumb\",\"itemListElement\":[{\"@type\":\"ListItem\",\"position\":1,\"name\":\"Portada\",\"item\":\"https:\/\/missbowel.com\/\"},{\"@type\":\"ListItem\",\"position\":2,\"name\":\"La Enfermedad de Crohn y la Colitis Ulcerosa \u00a1ya tienen cura!\"}]},{\"@type\":\"WebSite\",\"@id\":\"https:\/\/missbowel.com\/#website\",\"url\":\"https:\/\/missbowel.com\/\",\"name\":\"Miss Bowel\",\"description\":\"Productos para ostomias\",\"potentialAction\":[{\"@type\":\"SearchAction\",\"target\":{\"@type\":\"EntryPoint\",\"urlTemplate\":\"https:\/\/missbowel.com\/?s={search_term_string}\"},\"query-input\":{\"@type\":\"PropertyValueSpecification\",\"valueRequired\":true,\"valueName\":\"search_term_string\"}}],\"inLanguage\":\"en-GB\"},{\"@type\":\"Person\",\"@id\":\"https:\/\/missbowel.com\/#\/schema\/person\/617188829cd3d3f8fed518823fbc10fb\",\"name\":\"Yvonne\",\"image\":{\"@type\":\"ImageObject\",\"inLanguage\":\"en-GB\",\"@id\":\"https:\/\/missbowel.com\/#\/schema\/person\/image\/\",\"url\":\"https:\/\/secure.gravatar.com\/avatar\/18e9bd5151d8793fec9dc2cbafa7bf9cd1e60a1867b5e8cab930028c45cfd296?s=96&d=mm&r=g\",\"contentUrl\":\"https:\/\/secure.gravatar.com\/avatar\/18e9bd5151d8793fec9dc2cbafa7bf9cd1e60a1867b5e8cab930028c45cfd296?s=96&d=mm&r=g\",\"caption\":\"Yvonne\"},\"url\":\"https:\/\/missbowel.com\/en\/author\/yvonne\/\"}]}<\/script>\n<!-- \/ Yoast SEO plugin. -->","yoast_head_json":{"title":"La enfermedad de Crohn y colitis ulcerosa ya tiene cura | Miss Bowel","description":"Espero alg\u00fan d\u00eda poder escribir este titular y poder eliminar la secci\u00f3n solidaria porque ya no se necesitan recaudar fondos para la investigaci\u00f3n de EII.","robots":{"index":"index","follow":"follow","max-snippet":"max-snippet:-1","max-image-preview":"max-image-preview:large","max-video-preview":"max-video-preview:-1"},"canonical":"https:\/\/missbowel.com\/en\/cura-crohn-colitis-ulcerosa\/","og_locale":"en_GB","og_type":"article","og_title":"La enfermedad de Crohn y colitis ulcerosa ya tiene cura | Miss Bowel","og_description":"Espero alg\u00fan d\u00eda poder escribir este titular y poder eliminar la secci\u00f3n solidaria porque ya no se necesitan recaudar fondos para la investigaci\u00f3n de EII.","og_url":"https:\/\/missbowel.com\/en\/cura-crohn-colitis-ulcerosa\/","og_site_name":"Miss Bowel","article_published_time":"2017-12-19T13:31:23+00:00","article_modified_time":"2017-12-19T14:22:53+00:00","og_image":[{"width":3872,"height":2592,"url":"https:\/\/missbowel.com\/wp-content\/uploads\/DSC_1110pijama.jpg","type":"image\/jpeg"}],"author":"Yvonne","twitter_card":"summary_large_image","twitter_misc":{"Written by":"Yvonne","Estimated reading time":"3 minutes"},"schema":{"@context":"https:\/\/schema.org","@graph":[{"@type":"WebPage","@id":"https:\/\/missbowel.com\/cura-crohn-colitis-ulcerosa\/","url":"https:\/\/missbowel.com\/cura-crohn-colitis-ulcerosa\/","name":"La enfermedad de Crohn y colitis ulcerosa ya tiene cura | Miss Bowel","isPartOf":{"@id":"https:\/\/missbowel.com\/#website"},"primaryImageOfPage":{"@id":"https:\/\/missbowel.com\/cura-crohn-colitis-ulcerosa\/#primaryimage"},"image":{"@id":"https:\/\/missbowel.com\/cura-crohn-colitis-ulcerosa\/#primaryimage"},"thumbnailUrl":"https:\/\/missbowel.com\/wp-content\/uploads\/DSC_1110pijama.jpg","datePublished":"2017-12-19T13:31:23+00:00","dateModified":"2017-12-19T14:22:53+00:00","author":{"@id":"https:\/\/missbowel.com\/#\/schema\/person\/617188829cd3d3f8fed518823fbc10fb"},"description":"Espero alg\u00fan d\u00eda poder escribir este titular y poder eliminar la secci\u00f3n solidaria porque ya no se necesitan recaudar fondos para la investigaci\u00f3n de EII.","breadcrumb":{"@id":"https:\/\/missbowel.com\/cura-crohn-colitis-ulcerosa\/#breadcrumb"},"inLanguage":"en-GB","potentialAction":[{"@type":"ReadAction","target":["https:\/\/missbowel.com\/cura-crohn-colitis-ulcerosa\/"]}]},{"@type":"ImageObject","inLanguage":"en-GB","@id":"https:\/\/missbowel.com\/cura-crohn-colitis-ulcerosa\/#primaryimage","url":"https:\/\/missbowel.com\/wp-content\/uploads\/DSC_1110pijama.jpg","contentUrl":"https:\/\/missbowel.com\/wp-content\/uploads\/DSC_1110pijama.jpg","width":3872,"height":2592},{"@type":"BreadcrumbList","@id":"https:\/\/missbowel.com\/cura-crohn-colitis-ulcerosa\/#breadcrumb","itemListElement":[{"@type":"ListItem","position":1,"name":"Portada","item":"https:\/\/missbowel.com\/"},{"@type":"ListItem","position":2,"name":"La Enfermedad de Crohn y la Colitis Ulcerosa \u00a1ya tienen cura!"}]},{"@type":"WebSite","@id":"https:\/\/missbowel.com\/#website","url":"https:\/\/missbowel.com\/","name":"Miss Bowel","description":"Productos para ostomias","potentialAction":[{"@type":"SearchAction","target":{"@type":"EntryPoint","urlTemplate":"https:\/\/missbowel.com\/?s={search_term_string}"},"query-input":{"@type":"PropertyValueSpecification","valueRequired":true,"valueName":"search_term_string"}}],"inLanguage":"en-GB"},{"@type":"Person","@id":"https:\/\/missbowel.com\/#\/schema\/person\/617188829cd3d3f8fed518823fbc10fb","name":"Yvonne","image":{"@type":"ImageObject","inLanguage":"en-GB","@id":"https:\/\/missbowel.com\/#\/schema\/person\/image\/","url":"https:\/\/secure.gravatar.com\/avatar\/18e9bd5151d8793fec9dc2cbafa7bf9cd1e60a1867b5e8cab930028c45cfd296?s=96&d=mm&r=g","contentUrl":"https:\/\/secure.gravatar.com\/avatar\/18e9bd5151d8793fec9dc2cbafa7bf9cd1e60a1867b5e8cab930028c45cfd296?s=96&d=mm&r=g","caption":"Yvonne"},"url":"https:\/\/missbowel.com\/en\/author\/yvonne\/"}]}},"_links":{"self":[{"href":"https:\/\/missbowel.com\/en\/wp-json\/wp\/v2\/posts\/984","targetHints":{"allow":["GET"]}}],"collection":[{"href":"https:\/\/missbowel.com\/en\/wp-json\/wp\/v2\/posts"}],"about":[{"href":"https:\/\/missbowel.com\/en\/wp-json\/wp\/v2\/types\/post"}],"author":[{"embeddable":true,"href":"https:\/\/missbowel.com\/en\/wp-json\/wp\/v2\/users\/2"}],"replies":[{"embeddable":true,"href":"https:\/\/missbowel.com\/en\/wp-json\/wp\/v2\/comments?post=984"}],"version-history":[{"count":10,"href":"https:\/\/missbowel.com\/en\/wp-json\/wp\/v2\/posts\/984\/revisions"}],"predecessor-version":[{"id":1003,"href":"https:\/\/missbowel.com\/en\/wp-json\/wp\/v2\/posts\/984\/revisions\/1003"}],"wp:featuredmedia":[{"embeddable":true,"href":"https:\/\/missbowel.com\/en\/wp-json\/wp\/v2\/media\/986"}],"wp:attachment":[{"href":"https:\/\/missbowel.com\/en\/wp-json\/wp\/v2\/media?parent=984"}],"wp:term":[{"taxonomy":"category","embeddable":true,"href":"https:\/\/missbowel.com\/en\/wp-json\/wp\/v2\/categories?post=984"},{"taxonomy":"post_tag","embeddable":true,"href":"https:\/\/missbowel.com\/en\/wp-json\/wp\/v2\/tags?post=984"}],"curies":[{"name":"wp","href":"https:\/\/api.w.org\/{rel}","templated":true}]}}